{"id":12401,"date":"2022-03-28T11:53:56","date_gmt":"2022-03-28T17:53:56","guid":{"rendered":"https:\/\/galeana.gob.mx\/?p=12401"},"modified":"2022-03-28T11:53:56","modified_gmt":"2022-03-28T17:53:56","slug":"12401","status":"publish","type":"post","link":"https:\/\/galeana.gob.mx\/index.php\/2022\/03\/28\/12401\/","title":{"rendered":""},"content":{"rendered":"\n<p>El d\u00eda de hoy asist\u00ed al Cuadrangular de f\u00fatbol magisterial 2022 organizado por el SNTE Secci\u00f3n 21, donde participaron maestros de las regiones 7, 8, 9 y 10.Un gusto recibir en nuestro municipio que en esta ocasi\u00f3n f\u00fae sede al Secretario General de la Secci\u00f3n 21 Jos\u00e9 Francisco Mart\u00ednez Calder\u00f3n, el representante del CEN Joaqu\u00edn Echeverria Lara, Secretario de Organiaci\u00f3n Regional 7 Montemorelos Jos\u00e9 Luis S\u00e1nchez Alanis, Secretario Organizaci\u00f3n Regional 9 Galeana Jonathan Guti\u00e9rrez gracias por la invitaci\u00f3n fu\u00e9 un placer acompa\u00f1arlos, incentivar el deporte y pasar un agradable momento de convivencia familiar.<a href=\"https:\/\/web.facebook.com\/hashtag\/galeanagobiernodetodos?__eep__=6&amp;__cft__[0]=AZUY3ft596A9ID9ObxGhwjCbL37_-OP279nOju0UQ7qLpKBKN4dr29bLh4E6VcQJqXhX2hmwmWkhXvBUx5z7gaQMwcJVhkWBmZBT_7hiem-OYWsJNVib5Sy8UtDIav50cqXiP0SDR40gJ1ZdPoLgQDVV&amp;__tn__=*NK-R\">#GaleanaGobiernoDeTodos<\/a><\/p>\n","protected":false},"excerpt":{"rendered":"<p>El d\u00eda de hoy asist\u00ed al Cuadrangular de f\u00fatbol magisterial 2022 organizado por el SNTE Secci\u00f3n 21, donde participaron maestros de las regiones 7, 8, 9 y 10.Un gusto recibir en nuestro municipio que en esta ocasi\u00f3n f\u00fae sede al Secretario General de la Secci\u00f3n 21 Jos\u00e9 Francisco Mart\u00ednez Calder\u00f3n, el representante del CEN Joaqu\u00edn [&hellip;]<\/p>\n","protected":false},"author":1,"featured_media":0,"comment_status":"open","ping_status":"open","sticky":false,"template":"","format":"standard","meta":{"footnotes":""},"categories":[1],"tags":[],"class_list":["post-12401","post","type-post","status-publish","format-standard","hentry","category-sin-categoria"],"_links":{"self":[{"href":"https:\/\/galeana.gob.mx\/index.php\/wp-json\/wp\/v2\/posts\/12401","targetHints":{"allow":["GET"]}}],"collection":[{"href":"https:\/\/galeana.gob.mx\/index.php\/wp-json\/wp\/v2\/posts"}],"about":[{"href":"https:\/\/galeana.gob.mx\/index.php\/wp-json\/wp\/v2\/types\/post"}],"author":[{"embeddable":true,"href":"https:\/\/galeana.gob.mx\/index.php\/wp-json\/wp\/v2\/users\/1"}],"replies":[{"embeddable":true,"href":"https:\/\/galeana.gob.mx\/index.php\/wp-json\/wp\/v2\/comments?post=12401"}],"version-history":[{"count":0,"href":"https:\/\/galeana.gob.mx\/index.php\/wp-json\/wp\/v2\/posts\/12401\/revisions"}],"wp:attachment":[{"href":"https:\/\/galeana.gob.mx\/index.php\/wp-json\/wp\/v2\/media?parent=12401"}],"wp:term":[{"taxonomy":"category","embeddable":true,"href":"https:\/\/galeana.gob.mx\/index.php\/wp-json\/wp\/v2\/categories?post=12401"},{"taxonomy":"post_tag","embeddable":true,"href":"https:\/\/galeana.gob.mx\/index.php\/wp-json\/wp\/v2\/tags?post=12401"}],"curies":[{"name":"wp","href":"https:\/\/api.w.org\/{rel}","templated":true}]}}